{"id":3971,"date":"2026-03-16T17:33:42","date_gmt":"2026-03-16T17:33:42","guid":{"rendered":"https:\/\/vinci-airports.com\/vinci-airports-celebre-les-80-ans-de-laeroport-de-porto-avec-linauguration-dune-piste-entierement-renovee\/"},"modified":"2026-04-29T07:39:41","modified_gmt":"2026-04-29T05:39:41","slug":"vinci-airports-celebre-les-80-ans-de-laeroport-de-porto-avec-linauguration-dune-piste-entierement-renovee","status":"publish","type":"post","link":"https:\/\/vinci-airports.com\/fr\/vinci-airports-celebre-les-80-ans-de-laeroport-de-porto-avec-linauguration-dune-piste-entierement-renovee\/","title":{"rendered":"VINCI Airports c\u00e9l\u00e8bre les 80 ans de l\u2019a\u00e9roport de Porto avec l\u2019inauguration d\u2019une piste enti\u00e8rement r\u00e9nov\u00e9e"},"content":{"rendered":"<p style=\"margin-left:0cm;text-align:justify\"><span>VINCI Airports, actionnaire d\u2019ANA Aeroportos de Portugal, c\u00e9l\u00e8bre les 80 ans de l\u2019a\u00e9roport Francisco S\u00e1 Carneiro, un atout strat\u00e9gique de son r\u00e9seau mondial et un moteur essentiel du d\u00e9veloppement \u00e9conomique, social et touristique du nord du Portugal.\u00a0<\/span><\/p>\n<p style=\"margin-left:0cm;text-align:justify\"><span>En 2025, l\u2019a\u00e9roport de Porto a enregistr\u00e9 16,9 millions de passagers, son niveau de trafic le plus \u00e9lev\u00e9 \u00e0 ce jour, confirmant une trajectoire de croissance soutenue. Avec plus de 120 destinations directes, l\u2019a\u00e9roport joue un r\u00f4le central dans le renforcement de la connectivit\u00e9 internationale du Portugal et l\u2019attractivit\u00e9 du nord-ouest de la p\u00e9ninsule ib\u00e9rique.<\/span><\/p>\n<p style=\"margin-left:0cm;text-align:justify\"><span>Le 16 mars, VINCI Airports a officiellement inaugur\u00e9 le nouveau Centre de Coordination des Op\u00e9rations et la piste enti\u00e8rement r\u00e9nov\u00e9e de l\u2019a\u00e9roport de Porto, en pr\u00e9sence du Premier ministre du Portugal, Lu\u00eds Montenegro. Ce projet, qui repr\u00e9sente un investissement de 50 millions d\u2019euros \u2013 le plus important jamais r\u00e9alis\u00e9 \u00e0 l\u2019a\u00e9roport \u2013 a \u00e9t\u00e9 achev\u00e9 en 19 mois et inclut :<\/span><\/p>\n<ul>\n<li class=\"ck-list-marker-color\"><span style=\"color:#000000\"><span>Le resurfa\u00e7age complet de la piste<\/span><\/span><\/li>\n<li class=\"ck-list-marker-color\"><span style=\"color:#000000\"><span>La modernisation des syst\u00e8mes de drainage<\/span><\/span><\/li>\n<li class=\"ck-list-marker-color\"><span style=\"color:#000000\"><span>Le remplacement de l\u2019\u00e9clairage de l\u2019a\u00e9rodrome par des technologies LED<\/span><\/span><\/li>\n<li class=\"ck-list-marker-color\"><span style=\"color:#000000\"><span>L\u2019installation d\u2019un syst\u00e8me d\u2019atterrissage aux instruments de cat\u00e9gorie II (ILS), permettant des op\u00e9rations en conditions de faible visibilit\u00e9.<\/span><\/span><\/li>\n<\/ul>\n<p style=\"margin-left:0cm\"><span style=\"color:#000000\"><span>Ces am\u00e9liorations renforcent de mani\u00e8re significative les performances op\u00e9rationnelles, la s\u00e9curit\u00e9 et la r\u00e9silience de l\u2019a\u00e9roport, tout en soutenant la future croissance du trafic.<\/span><\/span><\/p>\n<p style=\"margin-left:0cm;text-align:justify\"><span>Parall\u00e8lement, VINCI Airports d\u00e9ploie un programme de modernisation global \u00e0 l\u2019a\u00e9roport de Porto, ax\u00e9 sur l\u2019am\u00e9lioration de l\u2019efficacit\u00e9 op\u00e9rationnelle et de l\u2019exp\u00e9rience des passagers. Parmi les projets d\u00e9j\u00e0 r\u00e9alis\u00e9s ou en cours :<\/span><\/p>\n<ul style=\"list-style-type:disc\">\n<li>\n<p style=\"text-align:justify\"><span>La r\u00e9novation de la zone des d\u00e9parts\u00a0<\/span><\/p>\n<\/li>\n<li>\n<p style=\"text-align:justify\"><span>L\u2019agrandissement et la r\u00e9novation du salon (800 m\u00b2, 200 si\u00e8ges)\u00a0<\/span><\/p>\n<\/li>\n<li>\n<p style=\"text-align:justify\"><span>La modernisation des services \u00ab Fast Track \u00bb ainsi que le renforcement des voies prioritaires\u00a0<\/span><\/p>\n<\/li>\n<li>\n<p style=\"text-align:justify\"><span>L\u2019installation de bornes de d\u00e9p\u00f4t autonome des bagages (\u00ab\u00a0Self Bag Drop\u00a0\u00bb)\u00a0<\/span><\/p>\n<\/li>\n<li>\n<p style=\"text-align:justify\"><span>L\u2019agrandissement et la modernisation de la boutique de Duty Free\u00a0<\/span><\/p>\n<\/li>\n<li>\n<p style=\"text-align:justify\"><span>La cr\u00e9ation de nouvelles zones d\u2019attente, de divertissement et d\u2019espaces d\u00e9di\u00e9s aux animaux<\/span><\/p>\n<\/li>\n<\/ul>\n<p style=\"margin-left:0cm;text-align:justify\">\u00a0<\/p>\n<p style=\"margin-left:0cm;text-align:justify\"><span>Afin de r\u00e9pondre \u00e0 l\u2019augmentation du trafic pr\u00e9vue dans les prochaines ann\u00e9es, un Plan Directeur de l\u2019A\u00e9roport pr\u00e9voyant notamment la construction de nouvelles portes d\u2019embarquement pour les vols nationaux et internationaux, a \u00e9galement \u00e9t\u00e9 pr\u00e9sent\u00e9 au Gouvernement. D\u2019autres projets structurants sont aussi \u00e0 l\u2019\u00e9tude : un nouveau hangar de maintenance r\u00e9alis\u00e9 par la compagnie TAP et la future ligne ferroviaire \u00e0 grande vitesse pr\u00e9vue par le Gouvernement portugais. Tous ces investissements viendront renforcer le r\u00f4le strat\u00e9gique de l\u2019a\u00e9roport de Porto au Portugal et dans la p\u00e9ninsule ib\u00e9rique.<\/span><\/p>\n<blockquote>\n<p style=\"margin-left:0cm;text-align:justify\"><span>Nicolas Notebaert, Directeur g\u00e9n\u00e9ral Concessions de VINCI et Pr\u00e9sident de VINCI Airports a d\u00e9clar\u00e9 : <\/span><i><span>\u00ab C\u00e9l\u00e9brer les 80 ans de l\u2019a\u00e9roport de Porto, c\u2019est se tourner vers l\u2019avenir. Nous construisons un a\u00e9roport plus moderne, plus performant et plus durable, con\u00e7u pour soutenir la croissance d\u2019une r\u00e9gion dynamique et pour repr\u00e9senter avec excellence le Portugal sur la sc\u00e8ne internationale. \u00c0 Porto, nous d\u00e9veloppons l\u2019a\u00e9roport \u2013 tant en termes de trafic que d\u2019infrastructures \u2013 et nous continuerons \u00e0 investir pour l\u2019avenir, comme nous le faisons dans tous les a\u00e9roports portugais.\u00a0\u00bb<\/span><\/i><\/p>\n<\/blockquote>\n","protected":false},"excerpt":{"rendered":"<p>VINCI Airports, actionnaire d\u2019ANA Aeroportos de Portugal, c\u00e9l\u00e8bre les 80 ans de l\u2019a\u00e9roport Francisco S\u00e1 Carneiro, un atout strat\u00e9gique de son r\u00e9seau mondial et un moteur essentiel du d\u00e9veloppement \u00e9conomique, social et touristique du nord du Portugal.\u00a0 En 2025, l\u2019a\u00e9roport de Porto a enregistr\u00e9 16,9 millions de passagers, son niveau de trafic le plus \u00e9lev\u00e9 [&hellip;]<\/p>\n","protected":false},"author":1,"featured_media":3973,"comment_status":"closed","ping_status":"closed","sticky":false,"template":"","format":"standard","meta":{"_acf_changed":false,"footnotes":""},"categories":[10],"tags":[17,14],"class_list":["post-3971","post","type-post","status-publish","format-standard","has-post-thumbnail","hentry","category-communiques-de-presse","tag-prosperite","tag-vinci-airports"],"acf":[],"yoast_head":"<!-- This site is optimized with the Yoast SEO plugin v27.2 - https:\/\/yoast.com\/product\/yoast-seo-wordpress\/ -->\n<title>VINCI Airports c\u00e9l\u00e8bre les 80 ans de l\u2019a\u00e9roport de Porto avec l\u2019inauguration d\u2019une piste enti\u00e8rement r\u00e9nov\u00e9e - VINCI Airports<\/title>\n<meta name=\"robots\" content=\"noindex, follow\" \/>\n<meta property=\"og:locale\" content=\"fr_FR\" \/>\n<meta property=\"og:type\" content=\"article\" \/>\n<meta property=\"og:title\" content=\"VINCI Airports c\u00e9l\u00e8bre les 80 ans de l\u2019a\u00e9roport de Porto avec l\u2019inauguration d\u2019une piste enti\u00e8rement r\u00e9nov\u00e9e - VINCI Airports\" \/>\n<meta property=\"og:description\" content=\"VINCI Airports, actionnaire d\u2019ANA Aeroportos de Portugal, c\u00e9l\u00e8bre les 80 ans de l\u2019a\u00e9roport Francisco S\u00e1 Carneiro, un atout strat\u00e9gique de son r\u00e9seau mondial et un moteur essentiel du d\u00e9veloppement \u00e9conomique, social et touristique du nord du Portugal.\u00a0 En 2025, l\u2019a\u00e9roport de Porto a enregistr\u00e9 16,9 millions de passagers, son niveau de trafic le plus \u00e9lev\u00e9 [&hellip;]\" \/>\n<meta property=\"og:url\" content=\"https:\/\/vinci-airports.com\/fr\/vinci-airports-celebre-les-80-ans-de-laeroport-de-porto-avec-linauguration-dune-piste-entierement-renovee\/\" \/>\n<meta property=\"og:site_name\" content=\"VINCI Airports\" \/>\n<meta property=\"article:published_time\" content=\"2026-03-16T17:33:42+00:00\" \/>\n<meta property=\"article:modified_time\" content=\"2026-04-29T05:39:41+00:00\" \/>\n<meta property=\"og:image\" content=\"https:\/\/vinci-airports.com\/wp-content\/uploads\/2026\/03\/69b838986086894ad307dde3-scaled.jpg\" \/>\n\t<meta property=\"og:image:width\" content=\"2048\" \/>\n\t<meta property=\"og:image:height\" content=\"1152\" \/>\n\t<meta property=\"og:image:type\" content=\"image\/jpeg\" \/>\n<meta name=\"author\" content=\"octavedev\" \/>\n<meta name=\"twitter:card\" content=\"summary_large_image\" \/>\n<meta name=\"twitter:creator\" content=\"@vinciairports\" \/>\n<meta name=\"twitter:site\" content=\"@vinciairports\" \/>\n<meta name=\"twitter:label1\" content=\"\u00c9crit par\" \/>\n\t<meta name=\"twitter:data1\" content=\"octavedev\" \/>\n\t<meta name=\"twitter:label2\" content=\"Dur\u00e9e de lecture estim\u00e9e\" \/>\n\t<meta name=\"twitter:data2\" content=\"3 minutes\" \/>\n<script type=\"application\/ld+json\" class=\"yoast-schema-graph\">{\"@context\":\"https:\/\/schema.org\",\"@graph\":[{\"@type\":\"Article\",\"@id\":\"https:\/\/vinci-airports.com\/fr\/vinci-airports-celebre-les-80-ans-de-laeroport-de-porto-avec-linauguration-dune-piste-entierement-renovee\/#article\",\"isPartOf\":{\"@id\":\"https:\/\/vinci-airports.com\/fr\/vinci-airports-celebre-les-80-ans-de-laeroport-de-porto-avec-linauguration-dune-piste-entierement-renovee\/\"},\"author\":{\"name\":\"octavedev\",\"@id\":\"https:\/\/vinci-airports.com\/fr\/#\/schema\/person\/30c458fdf72a732fed5d9211a39bac82\"},\"headline\":\"VINCI Airports c\u00e9l\u00e8bre les 80 ans de l\u2019a\u00e9roport de Porto avec l\u2019inauguration d\u2019une piste enti\u00e8rement r\u00e9nov\u00e9e\",\"datePublished\":\"2026-03-16T17:33:42+00:00\",\"dateModified\":\"2026-04-29T05:39:41+00:00\",\"mainEntityOfPage\":{\"@id\":\"https:\/\/vinci-airports.com\/fr\/vinci-airports-celebre-les-80-ans-de-laeroport-de-porto-avec-linauguration-dune-piste-entierement-renovee\/\"},\"wordCount\":602,\"publisher\":{\"@id\":\"https:\/\/vinci-airports.com\/fr\/#organization\"},\"image\":{\"@id\":\"https:\/\/vinci-airports.com\/fr\/vinci-airports-celebre-les-80-ans-de-laeroport-de-porto-avec-linauguration-dune-piste-entierement-renovee\/#primaryimage\"},\"thumbnailUrl\":\"https:\/\/vinci-airports.com\/wp-content\/uploads\/2026\/03\/69b838986086894ad307dde3-scaled.jpg\",\"keywords\":[\"Prosperit\u00e9\",\"VINCI Airports\"],\"articleSection\":[\"Communiqu\u00e9s de presse\"],\"inLanguage\":\"fr-FR\"},{\"@type\":\"WebPage\",\"@id\":\"https:\/\/vinci-airports.com\/fr\/vinci-airports-celebre-les-80-ans-de-laeroport-de-porto-avec-linauguration-dune-piste-entierement-renovee\/\",\"url\":\"https:\/\/vinci-airports.com\/fr\/vinci-airports-celebre-les-80-ans-de-laeroport-de-porto-avec-linauguration-dune-piste-entierement-renovee\/\",\"name\":\"VINCI Airports c\u00e9l\u00e8bre les 80 ans de l\u2019a\u00e9roport de Porto avec l\u2019inauguration d\u2019une piste enti\u00e8rement r\u00e9nov\u00e9e - VINCI Airports\",\"isPartOf\":{\"@id\":\"https:\/\/vinci-airports.com\/fr\/#website\"},\"primaryImageOfPage\":{\"@id\":\"https:\/\/vinci-airports.com\/fr\/vinci-airports-celebre-les-80-ans-de-laeroport-de-porto-avec-linauguration-dune-piste-entierement-renovee\/#primaryimage\"},\"image\":{\"@id\":\"https:\/\/vinci-airports.com\/fr\/vinci-airports-celebre-les-80-ans-de-laeroport-de-porto-avec-linauguration-dune-piste-entierement-renovee\/#primaryimage\"},\"thumbnailUrl\":\"https:\/\/vinci-airports.com\/wp-content\/uploads\/2026\/03\/69b838986086894ad307dde3-scaled.jpg\",\"datePublished\":\"2026-03-16T17:33:42+00:00\",\"dateModified\":\"2026-04-29T05:39:41+00:00\",\"breadcrumb\":{\"@id\":\"https:\/\/vinci-airports.com\/fr\/vinci-airports-celebre-les-80-ans-de-laeroport-de-porto-avec-linauguration-dune-piste-entierement-renovee\/#breadcrumb\"},\"inLanguage\":\"fr-FR\",\"potentialAction\":[{\"@type\":\"ReadAction\",\"target\":[\"https:\/\/vinci-airports.com\/fr\/vinci-airports-celebre-les-80-ans-de-laeroport-de-porto-avec-linauguration-dune-piste-entierement-renovee\/\"]}]},{\"@type\":\"ImageObject\",\"inLanguage\":\"fr-FR\",\"@id\":\"https:\/\/vinci-airports.com\/fr\/vinci-airports-celebre-les-80-ans-de-laeroport-de-porto-avec-linauguration-dune-piste-entierement-renovee\/#primaryimage\",\"url\":\"https:\/\/vinci-airports.com\/wp-content\/uploads\/2026\/03\/69b838986086894ad307dde3-scaled.jpg\",\"contentUrl\":\"https:\/\/vinci-airports.com\/wp-content\/uploads\/2026\/03\/69b838986086894ad307dde3-scaled.jpg\",\"width\":2048,\"height\":1152},{\"@type\":\"BreadcrumbList\",\"@id\":\"https:\/\/vinci-airports.com\/fr\/vinci-airports-celebre-les-80-ans-de-laeroport-de-porto-avec-linauguration-dune-piste-entierement-renovee\/#breadcrumb\",\"itemListElement\":[{\"@type\":\"ListItem\",\"position\":1,\"name\":\"Home\",\"item\":\"https:\/\/vinci-airports.com\/fr\/\"},{\"@type\":\"ListItem\",\"position\":2,\"name\":\"VINCI Airports c\u00e9l\u00e8bre les 80 ans de l\u2019a\u00e9roport de Porto avec l\u2019inauguration d\u2019une piste enti\u00e8rement r\u00e9nov\u00e9e\"}]},{\"@type\":\"WebSite\",\"@id\":\"https:\/\/vinci-airports.com\/fr\/#website\",\"url\":\"https:\/\/vinci-airports.com\/fr\/\",\"name\":\"VINCI Airports\",\"description\":\"Leader mondial des concessions a\u00e9roportuaires\",\"publisher\":{\"@id\":\"https:\/\/vinci-airports.com\/fr\/#organization\"},\"potentialAction\":[{\"@type\":\"SearchAction\",\"target\":{\"@type\":\"EntryPoint\",\"urlTemplate\":\"https:\/\/vinci-airports.com\/fr\/?s={search_term_string}\"},\"query-input\":{\"@type\":\"PropertyValueSpecification\",\"valueRequired\":true,\"valueName\":\"search_term_string\"}}],\"inLanguage\":\"fr-FR\"},{\"@type\":\"Organization\",\"@id\":\"https:\/\/vinci-airports.com\/fr\/#organization\",\"name\":\"VINCI Airports\",\"url\":\"https:\/\/vinci-airports.com\/fr\/\",\"logo\":{\"@type\":\"ImageObject\",\"inLanguage\":\"fr-FR\",\"@id\":\"https:\/\/vinci-airports.com\/fr\/#\/schema\/logo\/image\/\",\"url\":\"https:\/\/vinci-airports.com\/wp-content\/uploads\/2025\/02\/cropped-Favicon.png\",\"contentUrl\":\"https:\/\/vinci-airports.com\/wp-content\/uploads\/2025\/02\/cropped-Favicon.png\",\"width\":512,\"height\":512,\"caption\":\"VINCI Airports\"},\"image\":{\"@id\":\"https:\/\/vinci-airports.com\/fr\/#\/schema\/logo\/image\/\"},\"sameAs\":[\"https:\/\/x.com\/vinciairports\",\"https:\/\/www.linkedin.com\/company\/vinci-airports\/\",\"https:\/\/www.youtube.com\/c\/VINCIAirportsNetwork\",\"https:\/\/www.instagram.com\/vinciairports\/\"]},{\"@type\":\"Person\",\"@id\":\"https:\/\/vinci-airports.com\/fr\/#\/schema\/person\/30c458fdf72a732fed5d9211a39bac82\",\"name\":\"octavedev\",\"image\":{\"@type\":\"ImageObject\",\"inLanguage\":\"fr-FR\",\"@id\":\"https:\/\/secure.gravatar.com\/avatar\/d78743515416d2efba85e87bb4cc7106ba91969ff33afa4d0725934302bbecc8?s=96&d=mm&r=g\",\"url\":\"https:\/\/secure.gravatar.com\/avatar\/d78743515416d2efba85e87bb4cc7106ba91969ff33afa4d0725934302bbecc8?s=96&d=mm&r=g\",\"contentUrl\":\"https:\/\/secure.gravatar.com\/avatar\/d78743515416d2efba85e87bb4cc7106ba91969ff33afa4d0725934302bbecc8?s=96&d=mm&r=g\",\"caption\":\"octavedev\"},\"sameAs\":[\"https:\/\/prod-vinciairport.vairports-vt-prod-lamp01.dcsrv.eu\/\"]}]}<\/script>\n<!-- \/ Yoast SEO plugin. -->","yoast_head_json":{"title":"VINCI Airports c\u00e9l\u00e8bre les 80 ans de l\u2019a\u00e9roport de Porto avec l\u2019inauguration d\u2019une piste enti\u00e8rement r\u00e9nov\u00e9e - VINCI Airports","robots":{"index":"noindex","follow":"follow"},"og_locale":"fr_FR","og_type":"article","og_title":"VINCI Airports c\u00e9l\u00e8bre les 80 ans de l\u2019a\u00e9roport de Porto avec l\u2019inauguration d\u2019une piste enti\u00e8rement r\u00e9nov\u00e9e - VINCI Airports","og_description":"VINCI Airports, actionnaire d\u2019ANA Aeroportos de Portugal, c\u00e9l\u00e8bre les 80 ans de l\u2019a\u00e9roport Francisco S\u00e1 Carneiro, un atout strat\u00e9gique de son r\u00e9seau mondial et un moteur essentiel du d\u00e9veloppement \u00e9conomique, social et touristique du nord du Portugal.\u00a0 En 2025, l\u2019a\u00e9roport de Porto a enregistr\u00e9 16,9 millions de passagers, son niveau de trafic le plus \u00e9lev\u00e9 [&hellip;]","og_url":"https:\/\/vinci-airports.com\/fr\/vinci-airports-celebre-les-80-ans-de-laeroport-de-porto-avec-linauguration-dune-piste-entierement-renovee\/","og_site_name":"VINCI Airports","article_published_time":"2026-03-16T17:33:42+00:00","article_modified_time":"2026-04-29T05:39:41+00:00","og_image":[{"width":2048,"height":1152,"url":"https:\/\/vinci-airports.com\/wp-content\/uploads\/2026\/03\/69b838986086894ad307dde3-scaled.jpg","type":"image\/jpeg"}],"author":"octavedev","twitter_card":"summary_large_image","twitter_creator":"@vinciairports","twitter_site":"@vinciairports","twitter_misc":{"\u00c9crit par":"octavedev","Dur\u00e9e de lecture estim\u00e9e":"3 minutes"},"schema":{"@context":"https:\/\/schema.org","@graph":[{"@type":"Article","@id":"https:\/\/vinci-airports.com\/fr\/vinci-airports-celebre-les-80-ans-de-laeroport-de-porto-avec-linauguration-dune-piste-entierement-renovee\/#article","isPartOf":{"@id":"https:\/\/vinci-airports.com\/fr\/vinci-airports-celebre-les-80-ans-de-laeroport-de-porto-avec-linauguration-dune-piste-entierement-renovee\/"},"author":{"name":"octavedev","@id":"https:\/\/vinci-airports.com\/fr\/#\/schema\/person\/30c458fdf72a732fed5d9211a39bac82"},"headline":"VINCI Airports c\u00e9l\u00e8bre les 80 ans de l\u2019a\u00e9roport de Porto avec l\u2019inauguration d\u2019une piste enti\u00e8rement r\u00e9nov\u00e9e","datePublished":"2026-03-16T17:33:42+00:00","dateModified":"2026-04-29T05:39:41+00:00","mainEntityOfPage":{"@id":"https:\/\/vinci-airports.com\/fr\/vinci-airports-celebre-les-80-ans-de-laeroport-de-porto-avec-linauguration-dune-piste-entierement-renovee\/"},"wordCount":602,"publisher":{"@id":"https:\/\/vinci-airports.com\/fr\/#organization"},"image":{"@id":"https:\/\/vinci-airports.com\/fr\/vinci-airports-celebre-les-80-ans-de-laeroport-de-porto-avec-linauguration-dune-piste-entierement-renovee\/#primaryimage"},"thumbnailUrl":"https:\/\/vinci-airports.com\/wp-content\/uploads\/2026\/03\/69b838986086894ad307dde3-scaled.jpg","keywords":["Prosperit\u00e9","VINCI Airports"],"articleSection":["Communiqu\u00e9s de presse"],"inLanguage":"fr-FR"},{"@type":"WebPage","@id":"https:\/\/vinci-airports.com\/fr\/vinci-airports-celebre-les-80-ans-de-laeroport-de-porto-avec-linauguration-dune-piste-entierement-renovee\/","url":"https:\/\/vinci-airports.com\/fr\/vinci-airports-celebre-les-80-ans-de-laeroport-de-porto-avec-linauguration-dune-piste-entierement-renovee\/","name":"VINCI Airports c\u00e9l\u00e8bre les 80 ans de l\u2019a\u00e9roport de Porto avec l\u2019inauguration d\u2019une piste enti\u00e8rement r\u00e9nov\u00e9e - VINCI Airports","isPartOf":{"@id":"https:\/\/vinci-airports.com\/fr\/#website"},"primaryImageOfPage":{"@id":"https:\/\/vinci-airports.com\/fr\/vinci-airports-celebre-les-80-ans-de-laeroport-de-porto-avec-linauguration-dune-piste-entierement-renovee\/#primaryimage"},"image":{"@id":"https:\/\/vinci-airports.com\/fr\/vinci-airports-celebre-les-80-ans-de-laeroport-de-porto-avec-linauguration-dune-piste-entierement-renovee\/#primaryimage"},"thumbnailUrl":"https:\/\/vinci-airports.com\/wp-content\/uploads\/2026\/03\/69b838986086894ad307dde3-scaled.jpg","datePublished":"2026-03-16T17:33:42+00:00","dateModified":"2026-04-29T05:39:41+00:00","breadcrumb":{"@id":"https:\/\/vinci-airports.com\/fr\/vinci-airports-celebre-les-80-ans-de-laeroport-de-porto-avec-linauguration-dune-piste-entierement-renovee\/#breadcrumb"},"inLanguage":"fr-FR","potentialAction":[{"@type":"ReadAction","target":["https:\/\/vinci-airports.com\/fr\/vinci-airports-celebre-les-80-ans-de-laeroport-de-porto-avec-linauguration-dune-piste-entierement-renovee\/"]}]},{"@type":"ImageObject","inLanguage":"fr-FR","@id":"https:\/\/vinci-airports.com\/fr\/vinci-airports-celebre-les-80-ans-de-laeroport-de-porto-avec-linauguration-dune-piste-entierement-renovee\/#primaryimage","url":"https:\/\/vinci-airports.com\/wp-content\/uploads\/2026\/03\/69b838986086894ad307dde3-scaled.jpg","contentUrl":"https:\/\/vinci-airports.com\/wp-content\/uploads\/2026\/03\/69b838986086894ad307dde3-scaled.jpg","width":2048,"height":1152},{"@type":"BreadcrumbList","@id":"https:\/\/vinci-airports.com\/fr\/vinci-airports-celebre-les-80-ans-de-laeroport-de-porto-avec-linauguration-dune-piste-entierement-renovee\/#breadcrumb","itemListElement":[{"@type":"ListItem","position":1,"name":"Home","item":"https:\/\/vinci-airports.com\/fr\/"},{"@type":"ListItem","position":2,"name":"VINCI Airports c\u00e9l\u00e8bre les 80 ans de l\u2019a\u00e9roport de Porto avec l\u2019inauguration d\u2019une piste enti\u00e8rement r\u00e9nov\u00e9e"}]},{"@type":"WebSite","@id":"https:\/\/vinci-airports.com\/fr\/#website","url":"https:\/\/vinci-airports.com\/fr\/","name":"VINCI Airports","description":"Leader mondial des concessions a\u00e9roportuaires","publisher":{"@id":"https:\/\/vinci-airports.com\/fr\/#organization"},"potentialAction":[{"@type":"SearchAction","target":{"@type":"EntryPoint","urlTemplate":"https:\/\/vinci-airports.com\/fr\/?s={search_term_string}"},"query-input":{"@type":"PropertyValueSpecification","valueRequired":true,"valueName":"search_term_string"}}],"inLanguage":"fr-FR"},{"@type":"Organization","@id":"https:\/\/vinci-airports.com\/fr\/#organization","name":"VINCI Airports","url":"https:\/\/vinci-airports.com\/fr\/","logo":{"@type":"ImageObject","inLanguage":"fr-FR","@id":"https:\/\/vinci-airports.com\/fr\/#\/schema\/logo\/image\/","url":"https:\/\/vinci-airports.com\/wp-content\/uploads\/2025\/02\/cropped-Favicon.png","contentUrl":"https:\/\/vinci-airports.com\/wp-content\/uploads\/2025\/02\/cropped-Favicon.png","width":512,"height":512,"caption":"VINCI Airports"},"image":{"@id":"https:\/\/vinci-airports.com\/fr\/#\/schema\/logo\/image\/"},"sameAs":["https:\/\/x.com\/vinciairports","https:\/\/www.linkedin.com\/company\/vinci-airports\/","https:\/\/www.youtube.com\/c\/VINCIAirportsNetwork","https:\/\/www.instagram.com\/vinciairports\/"]},{"@type":"Person","@id":"https:\/\/vinci-airports.com\/fr\/#\/schema\/person\/30c458fdf72a732fed5d9211a39bac82","name":"octavedev","image":{"@type":"ImageObject","inLanguage":"fr-FR","@id":"https:\/\/secure.gravatar.com\/avatar\/d78743515416d2efba85e87bb4cc7106ba91969ff33afa4d0725934302bbecc8?s=96&d=mm&r=g","url":"https:\/\/secure.gravatar.com\/avatar\/d78743515416d2efba85e87bb4cc7106ba91969ff33afa4d0725934302bbecc8?s=96&d=mm&r=g","contentUrl":"https:\/\/secure.gravatar.com\/avatar\/d78743515416d2efba85e87bb4cc7106ba91969ff33afa4d0725934302bbecc8?s=96&d=mm&r=g","caption":"octavedev"},"sameAs":["https:\/\/prod-vinciairport.vairports-vt-prod-lamp01.dcsrv.eu\/"]}]}},"_links":{"self":[{"href":"https:\/\/vinci-airports.com\/fr\/wp-json\/wp\/v2\/posts\/3971","targetHints":{"allow":["GET"]}}],"collection":[{"href":"https:\/\/vinci-airports.com\/fr\/wp-json\/wp\/v2\/posts"}],"about":[{"href":"https:\/\/vinci-airports.com\/fr\/wp-json\/wp\/v2\/types\/post"}],"author":[{"embeddable":true,"href":"https:\/\/vinci-airports.com\/fr\/wp-json\/wp\/v2\/users\/1"}],"replies":[{"embeddable":true,"href":"https:\/\/vinci-airports.com\/fr\/wp-json\/wp\/v2\/comments?post=3971"}],"version-history":[{"count":1,"href":"https:\/\/vinci-airports.com\/fr\/wp-json\/wp\/v2\/posts\/3971\/revisions"}],"predecessor-version":[{"id":3972,"href":"https:\/\/vinci-airports.com\/fr\/wp-json\/wp\/v2\/posts\/3971\/revisions\/3972"}],"wp:featuredmedia":[{"embeddable":true,"href":"https:\/\/vinci-airports.com\/fr\/wp-json\/wp\/v2\/media\/3973"}],"wp:attachment":[{"href":"https:\/\/vinci-airports.com\/fr\/wp-json\/wp\/v2\/media?parent=3971"}],"wp:term":[{"taxonomy":"category","embeddable":true,"href":"https:\/\/vinci-airports.com\/fr\/wp-json\/wp\/v2\/categories?post=3971"},{"taxonomy":"post_tag","embeddable":true,"href":"https:\/\/vinci-airports.com\/fr\/wp-json\/wp\/v2\/tags?post=3971"}],"curies":[{"name":"wp","href":"https:\/\/api.w.org\/{rel}","templated":true}]}}